{"id":126,"date":"2024-12-29T17:59:04","date_gmt":"2024-12-29T17:59:04","guid":{"rendered":"https:\/\/noflyzone.pl\/?p=126"},"modified":"2024-12-29T17:59:04","modified_gmt":"2024-12-29T17:59:04","slug":"dron-tvp-nad-posesja-bylego-prezesa-orlenu-zestrzelony-przez-ochrone-obiektu","status":"publish","type":"post","link":"https:\/\/noflyzone.pl\/?p=126","title":{"rendered":"Dron TVP nad posesj\u0105 by\u0142ego prezesa Orlenu zestrzelony przez ochron\u0119 obiektu"},"content":{"rendered":"\n<p><\/p>\n\n\n\n<p>W ostatnich tygodniach w sieci pojawi\u0142y si\u0119 informacje na temat incydentu zwi\u0105zanego z neutralizacj\u0105 drona nale\u017c\u0105cego do Telewizji Polskiej (TVP), operuj\u0105cego nad posiad\u0142o\u015bci\u0105 by\u0142ego prezesa PKN Orlen, Daniela Obajtka. Zdarzenie to wywo\u0142a\u0142o reakcj\u0119 spo\u0142eczn\u0105 i rozmowy na temat prawnych kontrowersji dotycz\u0105cych ochrony prywatno\u015bci i przestrzeni powietrznej. W debacie publicznej pojawi\u0142y si\u0119 pytania o prawo do obrony przestrzeni prywatnej oraz granice odpowiedzialno\u015bci operator\u00f3w dron\u00f3w wobec os\u00f3b, kt\u00f3rych prywatno\u015b\u0107 zosta\u0142a potencjalnie naruszona.<\/p>\n\n\n\n<p>Do neutralizacji dosz\u0142o wskutek dzia\u0142a\u0144 podejmowanych prawdopodobnie przez ochron\u0119 wynaj\u0119t\u0105 na potrzeby zabezpieczenia nieruchomo\u015bci. Wydarzenie to wzbudza do zadawania pyta\u0144 nad granicami prawa do ochrony prywatno\u015bci oraz sposobami przeciwdzia\u0142ania potencjalnym zagro\u017ceniom ze strony dron\u00f3w.<\/p>\n\n\n<div class=\"wp-block-image\">\n<figure class=\"aligncenter size-large is-resized\"><img loading=\"lazy\" decoding=\"async\" width=\"796\" height=\"1024\" src=\"https:\/\/noflyzone.pl\/wp-content\/uploads\/2024\/12\/00003-1326113035-796x1024.png\" alt=\"\" class=\"wp-image-131\" style=\"width:400px;height:auto\" srcset=\"https:\/\/noflyzone.pl\/wp-content\/uploads\/2024\/12\/00003-1326113035-796x1024.png 796w, https:\/\/noflyzone.pl\/wp-content\/uploads\/2024\/12\/00003-1326113035-233x300.png 233w, https:\/\/noflyzone.pl\/wp-content\/uploads\/2024\/12\/00003-1326113035-768x987.png 768w, https:\/\/noflyzone.pl\/wp-content\/uploads\/2024\/12\/00003-1326113035-300x386.png 300w, https:\/\/noflyzone.pl\/wp-content\/uploads\/2024\/12\/00003-1326113035-850x1093.png 850w, https:\/\/noflyzone.pl\/wp-content\/uploads\/2024\/12\/00003-1326113035.png 896w\" sizes=\"auto, (max-width: 796px) 100vw, 796px\" \/><\/figure><\/div>\n\n\n<p>Analogiczne zdarzenie mia\u0142o miejsce na warszawskich Bielanach na pocz\u0105tku 2024 roku, gdzie mieszkaniec podj\u0105\u0142 samodzielne dzia\u0142ania przeciwko dronowi naruszaj\u0105cemu jego przestrze\u0144 powietrzn\u0105. U\u017cywaj\u0105c wiatr\u00f3wki oraz worka z wod\u0105, usi\u0142owa\u0142 unieszkodliwi\u0107 bezza\u0142ogowiec, co doprowadzi\u0142o do strat oszacowanych na 45 tysi\u0119cy z\u0142otych. Te przypadki uwidaczniaj\u0105 potrzeb\u0119 jasnych regulacji prawnych i procedur zarz\u0105dzania incydentami z udzia\u0142em dron\u00f3w.<\/p>\n\n\n\n<h2 class=\"wp-block-heading\">Zagro\u017cenia dla prywatnych posesji ze strony dron\u00f3w<\/h2>\n\n\n\n<p>Rozw\u00f3j technologii dron\u00f3w budzi coraz wi\u0119ksze obawy w\u015br\u00f3d w\u0142a\u015bcicieli prywatnych posesji. Bezza\u0142ogowe statki powietrzne mog\u0105 by\u0107 wykorzystywane w spos\u00f3b naruszaj\u0105cy prywatno\u015b\u0107, integralno\u015b\u0107 i bezpiecze\u0144stwo przestrzeni osobistej. Kluczowe zagro\u017cenia obejmuj\u0105:<\/p>\n\n\n\n<ol start=\"1\" class=\"wp-block-list\">\n<li><strong>Naruszenie prywatno\u015bci<\/strong>: Drony mog\u0105 by\u0107 wykorzystywane do nieautoryzowanego zbierania danych wizualnych i d\u017awi\u0119kowych, co prowadzi do poczucia inwigilacji i zagro\u017cenia dla prywatno\u015bci w\u0142a\u015bcicieli nieruchomo\u015bci.<\/li>\n\n\n\n<li><strong>Zagro\u017cenia fizyczne<\/strong>: Urz\u0105dzenia lataj\u0105ce mog\u0105 powodowa\u0107 uszkodzenia mienia, takie jak zniszczenie ro\u015blinno\u015bci, rozbicie szyb lub inne szkody materialne. W skrajnych przypadkach mog\u0105 te\u017c doprowadzi\u0107 do obra\u017ce\u0144 cia\u0142a.<\/li>\n\n\n\n<li><strong>Szpiegostwo i nadz\u00f3r<\/strong>: Bezza\u0142ogowce mog\u0105 \u015bledzi\u0107 aktywno\u015bci na terenie posesji, co mo\u017ce prowadzi\u0107 do kradzie\u017cy lub innych dzia\u0142a\u0144 o charakterze przest\u0119pczym.<\/li>\n\n\n\n<li><strong>Zak\u0142\u00f3cenie spokoju i ha\u0142as<\/strong>: U\u017cycie dron\u00f3w w s\u0105siedztwie mo\u017ce generowa\u0107 stres u mieszka\u0144c\u00f3w oraz obni\u017ca\u0107 jako\u015b\u0107 \u017cycia z powodu ha\u0142asu.<\/li>\n<\/ol>\n\n\n\n<p>Incydenty te wskazuj\u0105 na piln\u0105 potrzeb\u0119 inwestowania w zaawansowane systemy ochrony przestrzeni powietrznej oraz edukacj\u0119 mieszka\u0144c\u00f3w w zakresie ich praw.<\/p>\n\n\n\n<h2 class=\"wp-block-heading\">Wyzwania dla podmiot\u00f3w komercyjnych<\/h2>\n\n\n\n<p>Firmy korzystaj\u0105ce z dron\u00f3w w celach komercyjnych, takich jak monitorowanie infrastruktury, fotografia lotnicza czy badania naukowe, napotykaj\u0105 rosn\u0105ce wyzwania zwi\u0105zane z legalnym i etycznym wykorzystaniem tych urz\u0105dze\u0144. Najwa\u017cniejsze problemy to:<\/p>\n\n\n\n<ol start=\"1\" class=\"wp-block-list\">\n<li><strong>Zgodno\u015b\u0107 z przepisami<\/strong>: Brak odpowiednich zezwole\u0144 mo\u017ce prowadzi\u0107 do naruszenia prawa i konflikt\u00f3w z w\u0142a\u015bcicielami posesji.<\/li>\n\n\n\n<li><strong>Konflikty z mieszka\u0144cami<\/strong>: Loty dron\u00f3w nad terenami prywatnymi cz\u0119sto wywo\u0142uj\u0105 niezadowolenie spo\u0142eczno\u015bci lokalnych.<\/li>\n\n\n\n<li><strong>Ryzyko prawne<\/strong>: Przedsi\u0119biorstwa mog\u0105 by\u0107 nara\u017cone na procesy s\u0105dowe w przypadku szk\u00f3d materialnych lub naruszenia prywatno\u015bci.<\/li>\n\n\n\n<li><strong>Inwestycje w technologie<\/strong>: Firmy musz\u0105 wyposa\u017ca\u0107 swoje urz\u0105dzenia w systemy ograniczaj\u0105ce ryzyko, takie jak geofencing czy systemy unikania kolizji w celu ograniczenia negatywnych skutk\u00f3w ich dzia\u0142alno\u015bci<\/li>\n<\/ol>\n\n\n\n<h2 class=\"wp-block-heading\">Podsumowanie<\/h2>\n\n\n\n<p>Zwi\u0119kszaj\u0105ca si\u0119 liczba incydent\u00f3w z udzia\u0142em dron\u00f3w uwidacznia potrzeb\u0119 wypracowania kompleksowych rozwi\u0105za\u0144 technologicznych i regulacyjnych. Zdarzenia takie jak te na Bielanach czy nad posiad\u0142o\u015bci\u0105 by\u0142ego prezesa Orlen wskazuj\u0105 na konieczno\u015b\u0107 odpowiedzialnego korzystania z technologii oraz inwestycji w systemy antydronowe. Wsp\u00f3\u0142praca sektora publicznego, prywatnego i ustawodawc\u00f3w jest kluczowa dla zapewnienia bezpiecze\u0144stwa w dobie powszechnego u\u017cycia dron\u00f3w.<\/p>\n\n\n\n<h2 class=\"wp-block-heading\">\u0179r\u00f3d\u0142a<\/h2>\n\n\n\n<p><a href=\"https:\/\/next.gazeta.pl\/next\/7,151003,31575758,dron-tvp-zestrzelony-nad-posiadloscia-obajtka-strzelcow-mial.amp\">Gazeta.pl: \u201eDron TVP zestrzelony nad posiad\u0142o\u015bci\u0105 Obajtka\u201d<\/a><\/p>\n\n\n\n<p><a href=\"https:\/\/www.money.pl\/gospodarka\/media-nad-posiadloscia-obajtka-zestrzelono-drona-tvp-wyslany-przez-kurskiego-7107734141041376a.html\">Money.pl: \u201eMedia: nad posiad\u0142o\u015bci\u0105 Obajtka zestrzelono drona TVP\u201d<\/a><\/p>\n\n\n\n<p><a href=\"https:\/\/wiadomosci.wp.pl\/media-obajtek-mial-specjalna-ochrone-za-pieniadze-orlenu-7107705942461152a\">WP.pl: \u201eMedia: Obajtek mia\u0142 specjaln\u0105 ochron\u0119 za pieni\u0105dze Orlenu\u201d<\/a><\/p>\n\n\n\n<p><a href=\"https:\/\/zoliborz.policja.gov.pl\/r5\/aktualnosci\/127334,Strzelal-do-drona-i-rzucil-w-niego-workiem-z-woda.html\">Komenda Policji na \u017boliborzu: \u201eStrzela\u0142 do drona i rzuci\u0142 w niego workiem z wod\u0105\u201d<\/a><\/p>\n\n\n\n<p><a href=\"https:\/\/tvn24.pl\/tvnwarszawa\/bielany\/warszawa-bielany-strzelal-do-drona-z-wiatrowki-i-oblal-go-woda-st7749941\">TVN24 Warszawa: \u201eWarszawa Bielany: Strzela\u0142 do drona z wiatr\u00f3wki i obla\u0142 go wod\u0105\u201d<\/a><\/p>\n\n\n\n<p><a href=\"https:\/\/warszawa.tvp.pl\/63744543\/pkn-orlen-testuje-nowoczesny-system-antydronowy?utm_source=chatgpt.com\">TVP Warszawa: \u201ePKN Orlen testuje nowoczesny system antydronowy\u201d<\/a><\/p>\n","protected":false},"excerpt":{"rendered":"<p>W ostatnich tygodniach w sieci pojawi\u0142y si\u0119 informacje na temat incydentu zwi\u0105zanego z neutralizacj\u0105 drona nale\u017c\u0105cego do Telewizji Polskiej (TVP), operuj\u0105cego nad posiad\u0142o\u015bci\u0105 by\u0142ego prezesa PKN Orlen, Daniela Obajtka. Zdarzenie to wywo\u0142a\u0142o reakcj\u0119 spo\u0142eczn\u0105 i rozmowy na temat prawnych kontrowersji dotycz\u0105cych ochrony prywatno\u015bci i przestrzeni powietrznej. W debacie publicznej pojawi\u0142y si\u0119 pytania o prawo do&#8230;<\/p>\n","protected":false},"author":1,"featured_media":130,"comment_status":"open","ping_status":"open","sticky":false,"template":"","format":"standard","meta":{"_jetpack_memberships_contains_paid_content":false,"footnotes":""},"categories":[10,94],"tags":[58,15,56,79],"class_list":["post-126","post","type-post","status-publish","format-standard","has-post-thumbnail","hentry","category-aktualnosci","category-ograniczenia-w-lotach-dronami","tag-bezpieczenstwo-dronow","tag-c-uas","tag-kary-dla-operatorow-dronow","tag-zarzadzanie-bezpieczenstwem-lotniczym"],"jetpack_featured_media_url":"https:\/\/noflyzone.pl\/wp-content\/uploads\/2024\/12\/00002-415606516.png","jetpack_sharing_enabled":true,"_links":{"self":[{"href":"https:\/\/noflyzone.pl\/index.php?rest_route=\/wp\/v2\/posts\/126","targetHints":{"allow":["GET"]}}],"collection":[{"href":"https:\/\/noflyzone.pl\/index.php?rest_route=\/wp\/v2\/posts"}],"about":[{"href":"https:\/\/noflyzone.pl\/index.php?rest_route=\/wp\/v2\/types\/post"}],"author":[{"embeddable":true,"href":"https:\/\/noflyzone.pl\/index.php?rest_route=\/wp\/v2\/users\/1"}],"replies":[{"embeddable":true,"href":"https:\/\/noflyzone.pl\/index.php?rest_route=%2Fwp%2Fv2%2Fcomments&post=126"}],"version-history":[{"count":5,"href":"https:\/\/noflyzone.pl\/index.php?rest_route=\/wp\/v2\/posts\/126\/revisions"}],"predecessor-version":[{"id":133,"href":"https:\/\/noflyzone.pl\/index.php?rest_route=\/wp\/v2\/posts\/126\/revisions\/133"}],"wp:featuredmedia":[{"embeddable":true,"href":"https:\/\/noflyzone.pl\/index.php?rest_route=\/wp\/v2\/media\/130"}],"wp:attachment":[{"href":"https:\/\/noflyzone.pl\/index.php?rest_route=%2Fwp%2Fv2%2Fmedia&parent=126"}],"wp:term":[{"taxonomy":"category","embeddable":true,"href":"https:\/\/noflyzone.pl\/index.php?rest_route=%2Fwp%2Fv2%2Fcategories&post=126"},{"taxonomy":"post_tag","embeddable":true,"href":"https:\/\/noflyzone.pl\/index.php?rest_route=%2Fwp%2Fv2%2Ftags&post=126"}],"curies":[{"name":"wp","href":"https:\/\/api.w.org\/{rel}","templated":true}]}}