{"id":151,"date":"2025-01-04T15:31:09","date_gmt":"2025-01-04T15:31:09","guid":{"rendered":"https:\/\/noflyzone.pl\/?p=151"},"modified":"2025-01-04T15:31:09","modified_gmt":"2025-01-04T15:31:09","slug":"tajemnicze-drony-nad-portem-w-koge-w-danii","status":"publish","type":"post","link":"https:\/\/noflyzone.pl\/?p=151","title":{"rendered":"Tajemnicze drony nad portem w K\u00f8ge w Danii"},"content":{"rendered":"\n<p>W pi\u0105tek, 3 stycznia 2025 roku, oko\u0142o godziny 22:00, du\u0144ska policja rozpocz\u0119\u0142a dochodzenie po zg\u0142oszeniach dotycz\u0105cych licznych dron\u00f3w nad portem w K\u00f8ge, na po\u0142udnie od Kopenhagi. \u015awiadkowie informowali o oko\u0142o 20 niezidentyfikowanych obiektach lataj\u0105cych, kt\u00f3re porusza\u0142y si\u0119 nad wodami zatoki K\u00f8ge. Patrol policji, kt\u00f3ry przyby\u0142 na miejsce, potwierdzi\u0142 obecno\u015b\u0107 co najmniej czterech du\u017cych dron\u00f3w unosz\u0105cych si\u0119 nad marin\u0105, kt\u00f3re oko\u0142o godziny 1 w nocy oddali\u0142y si\u0119 w kierunku morza.<\/p>\n\n\n\n<h3 class=\"wp-block-heading\">Brak zezwole\u0144 i potencjalne zagro\u017cenia<\/h3>\n\n\n\n<p>Analiza zdarzenia wykaza\u0142a, \u017ce w czasie incydentu nie wydano \u017cadnych zezwole\u0144 na loty dron\u00f3w w tym rejonie. Fakt ten wzbudzi\u0142 podejrzenia o mo\u017cliwe dzia\u0142ania nielegalne o charakterze wywiadowczym lub pr\u00f3by testowania system\u00f3w obronnych. Eksperci wskazuj\u0105, \u017ce incydent ten wpisuje si\u0119 w szerszy trend wzmo\u017conej aktywno\u015bci dron\u00f3w w Europie, co rodzi pytania o zagro\u017cenia zwi\u0105zane z wykorzystaniem tych technologii w operacjach hybrydowych.<\/p>\n\n\n\n<h3 class=\"wp-block-heading\">Znaczenie strategiczne i kontekst geopolityczny<\/h3>\n\n\n\n<p>Podobne incydenty w przesz\u0142o\u015bci mia\u0142y miejsce w rejonach strategicznych, takich jak rafinerie czy platformy wydobywcze. S\u0142u\u017cby bezpiecze\u0144stwa podkre\u015blaj\u0105, \u017ce naruszenia przestrzeni powietrznej nad kluczowymi obiektami mog\u0105 stanowi\u0107 powa\u017cne zagro\u017cenie dla infrastruktury krytycznej. W\u0142adze zwracaj\u0105 uwag\u0119, \u017ce tego typu dzia\u0142ania mog\u0105 mie\u0107 charakter prowokacyjny i wpisywa\u0107 si\u0119 w szersze napi\u0119cia mi\u0119dzynarodowe, szczeg\u00f3lnie w kontek\u015bcie konfliktu na Ukrainie.<\/p>\n\n\n\n<h3 class=\"wp-block-heading\">Przyk\u0142ady mi\u0119dzynarodowe<\/h3>\n\n\n\n<p>W 2023 roku Norwegia i Szwecja odnotowa\u0142y seri\u0119 narusze\u0144 przestrzeni powietrznej przez drony nad portami i instalacjami przemys\u0142owymi. Wzmo\u017cona aktywno\u015b\u0107 obiekt\u00f3w lataj\u0105cych nad platformami wydobywczymi sk\u0142oni\u0142a s\u0142u\u017cby do wdro\u017cenia dodatkowych \u015brodk\u00f3w ochrony.<\/p>\n\n\n\n<p>Z kolei w 2024 roku port w Houston w Stanach Zjednoczonych by\u0142 miejscem incydentu, w kt\u00f3rym liczne drony przemieszcza\u0142y si\u0119 nad obszarem operacyjnym, co doprowadzi\u0142o do czasowego zawieszenia operacji portowych. Sytuacja ta ukaza\u0142a potrzeb\u0119 modernizacji system\u00f3w detekcji i przeciwdzia\u0142ania dronom.<\/p>\n\n\n\n<h3 class=\"wp-block-heading\">Reakcje lokalne i medialne<\/h3>\n\n\n\n<p>Mieszka\u0144cy K\u00f8ge oraz przedstawiciele lokalnych w\u0142adz wyrazili zaniepokojenie skal\u0105 incydentu. Media podkre\u015blaj\u0105, \u017ce nigdy wcze\u015bniej w tej okolicy nie zaobserwowano tak du\u017cej liczby dron\u00f3w jednocze\u015bnie. Du\u0144ska gazeta \u201eEkstra Bladet\u201d okre\u015bli\u0142a zdarzenie mianem \u201ebezprecedensowego\u201d, zwracaj\u0105c uwag\u0119 na trudno\u015bci w identyfikacji operator\u00f3w urz\u0105dze\u0144.<\/p>\n\n\n\n<h3 class=\"wp-block-heading\">Zainteresowanie mi\u0119dzynarodowe<\/h3>\n\n\n\n<p>Incydent przyci\u0105gn\u0105\u0142 uwag\u0119 zagranicznych medi\u00f3w, takich jak \u201eAP News\u201d i \u201eThe Washington Post\u201d. W swoich analizach wskazuj\u0105 one na wzrastaj\u0105c\u0105 potrzeb\u0119 zaostrzenia regulacji dotycz\u0105cych monitorowania przestrzeni powietrznej nad strategicznymi lokalizacjami. Podkre\u015blaj\u0105 r\u00f3wnie\u017c, \u017ce sytuacje tego typu mog\u0105 by\u0107 testem reakcji s\u0142u\u017cb obronnych.<\/p>\n\n\n\n<h3 class=\"wp-block-heading\">Dalsze dzia\u0142ania i apel policji<\/h3>\n\n\n\n<p>Du\u0144ska policja kontynuuje \u015bledztwo i apeluje do \u015bwiadk\u00f3w o zg\u0142aszanie wszelkich informacji, kt\u00f3re mog\u0105 pom\u00f3c w identyfikacji operator\u00f3w dron\u00f3w. Eksperci ds. bezpiecze\u0144stwa przewiduj\u0105, \u017ce sprawa ta mo\u017ce stanowi\u0107 impuls do aktualizacji procedur zwi\u0105zanych z ochron\u0105 przestrzeni powietrznej oraz wdra\u017cania nowoczesnych system\u00f3w obrony przed dronami.<\/p>\n\n\n\n<hr class=\"wp-block-separator has-alpha-channel-opacity\"\/>\n\n\n\n<p><strong>\u0179r\u00f3d\u0142a:<\/strong><\/p>\n\n\n\n<ul class=\"wp-block-list\">\n<li><a href=\"https:\/\/ekstrabladet.dk\/krimi\/her-er-de-mystiske-droner-aldrig-set-noget-lignende\/10486537\">https:\/\/ekstrabladet.dk\/krimi\/her-er-de-mystiske-droner-aldrig-set-noget-lignende\/10486537<\/a><\/li>\n\n\n\n<li><a href=\"https:\/\/apnews.com\/article\/denmark-drones-port-police-investigation-18e41a09ff8ce2638c79846ad64cf92e\">https:\/\/apnews.com\/article\/denmark-drones-port-police-investigation-18e41a09ff8ce2638c79846ad64cf92e<\/a><\/li>\n\n\n\n<li><a href=\"https:\/\/www.washingtonpost.com\/world\/2025\/01\/04\/denmark-drones-port-police-investigation\/46229694-caa6-11ef-a9b8-74e0b395057f_story.html\">https:\/\/www.washingtonpost.com\/world\/2025\/01\/04\/denmark-drones-port-police-investigation\/46229694-caa6-11ef-a9b8-74e0b395057f_story.html<\/a><\/li>\n\n\n\n<li><a href=\"https:\/\/www.sydsvenskan.se\/2025-01-04\/danmark-utreder-dronarlarm-nara-sverige\/\">https:\/\/www.sydsvenskan.se\/2025-01-04\/danmark-utreder-dronarlarm-nara-sverige\/<\/a><\/li>\n<\/ul>\n","protected":false},"excerpt":{"rendered":"<p>W pi\u0105tek, 3 stycznia 2025 roku, oko\u0142o godziny 22:00, du\u0144ska policja rozpocz\u0119\u0142a dochodzenie po zg\u0142oszeniach dotycz\u0105cych licznych dron\u00f3w nad portem w K\u00f8ge, na po\u0142udnie od Kopenhagi. \u015awiadkowie informowali o oko\u0142o 20 niezidentyfikowanych obiektach lataj\u0105cych, kt\u00f3re porusza\u0142y si\u0119 nad wodami zatoki K\u00f8ge. Patrol policji, kt\u00f3ry przyby\u0142 na miejsce, potwierdzi\u0142 obecno\u015b\u0107 co najmniej czterech du\u017cych dron\u00f3w unosz\u0105cych&#8230;<\/p>\n","protected":false},"author":1,"featured_media":152,"comment_status":"open","ping_status":"open","sticky":false,"template":"","format":"standard","meta":{"_jetpack_memberships_contains_paid_content":false,"footnotes":""},"categories":[10],"tags":[61,21,48,31],"class_list":["post-151","post","type-post","status-publish","format-standard","has-post-thumbnail","hentry","category-aktualnosci","tag-bezpieczenstwo-publiczne","tag-infrastruktura-krytyczna","tag-ochrona-infrastruktury-krytycznej","tag-zagrozenia-bsp"],"jetpack_featured_media_url":"https:\/\/noflyzone.pl\/wp-content\/uploads\/2025\/01\/drony-nad-portem.png","jetpack_sharing_enabled":true,"_links":{"self":[{"href":"https:\/\/noflyzone.pl\/index.php?rest_route=\/wp\/v2\/posts\/151","targetHints":{"allow":["GET"]}}],"collection":[{"href":"https:\/\/noflyzone.pl\/index.php?rest_route=\/wp\/v2\/posts"}],"about":[{"href":"https:\/\/noflyzone.pl\/index.php?rest_route=\/wp\/v2\/types\/post"}],"author":[{"embeddable":true,"href":"https:\/\/noflyzone.pl\/index.php?rest_route=\/wp\/v2\/users\/1"}],"replies":[{"embeddable":true,"href":"https:\/\/noflyzone.pl\/index.php?rest_route=%2Fwp%2Fv2%2Fcomments&post=151"}],"version-history":[{"count":1,"href":"https:\/\/noflyzone.pl\/index.php?rest_route=\/wp\/v2\/posts\/151\/revisions"}],"predecessor-version":[{"id":153,"href":"https:\/\/noflyzone.pl\/index.php?rest_route=\/wp\/v2\/posts\/151\/revisions\/153"}],"wp:featuredmedia":[{"embeddable":true,"href":"https:\/\/noflyzone.pl\/index.php?rest_route=\/wp\/v2\/media\/152"}],"wp:attachment":[{"href":"https:\/\/noflyzone.pl\/index.php?rest_route=%2Fwp%2Fv2%2Fmedia&parent=151"}],"wp:term":[{"taxonomy":"category","embeddable":true,"href":"https:\/\/noflyzone.pl\/index.php?rest_route=%2Fwp%2Fv2%2Fcategories&post=151"},{"taxonomy":"post_tag","embeddable":true,"href":"https:\/\/noflyzone.pl\/index.php?rest_route=%2Fwp%2Fv2%2Ftags&post=151"}],"curies":[{"name":"wp","href":"https:\/\/api.w.org\/{rel}","templated":true}]}}